{"id":14394,"date":"2025-12-09T13:07:07","date_gmt":"2025-12-09T13:07:07","guid":{"rendered":"https:\/\/www.augarten.net\/vanillekipferln-ricetta-top-per-natale-da-hotel-neustift\/"},"modified":"2025-12-09T13:15:47","modified_gmt":"2025-12-09T13:15:47","slug":"vanillekipferln-ricetta-top-per-natale-da-hotel-neustift","status":"publish","type":"post","link":"https:\/\/www.augarten.net\/it\/vanillekipferln-ricetta-top-per-natale-da-hotel-neustift\/","title":{"rendered":"Vanillekipferln &#8211; Ricetta top per Natale . da Hotel Neustift"},"content":{"rendered":"<p><div class=\"fusion-fullwidth fullwidth-box fusion-builder-row-1 fusion-flex-container nonhundred-percent-fullwidth non-hundred-percent-height-scrolling\" style=\"--awb-border-radius-top-left:0px;--awb-border-radius-top-right:0px;--awb-border-radius-bottom-right:0px;--awb-border-radius-bottom-left:0px;--awb-flex-wrap:wrap;\" ><div class=\"fusion-builder-row fusion-row fusion-flex-align-items-flex-start fusion-flex-content-wrap\" style=\"max-width:1430px;margin-left: calc(-4% \/ 2 );margin-right: calc(-4% \/ 2 );\"><div class=\"fusion-layout-column fusion_builder_column fusion-builder-column-0 fusion_builder_column_1_1 1_1 fusion-flex-column\" style=\"--awb-bg-size:cover;--awb-width-large:100%;--awb-margin-top-large:0px;--awb-spacing-right-large:1.92%;--awb-margin-bottom-large:0px;--awb-spacing-left-large:1.92%;--awb-width-medium:100%;--awb-spacing-right-medium:1.92%;--awb-spacing-left-medium:1.92%;--awb-width-small:100%;--awb-spacing-right-small:1.92%;--awb-spacing-left-small:1.92%;\"><div class=\"fusion-column-wrapper fusion-flex-justify-content-flex-start fusion-content-layout-column\"><div class=\"fusion-text fusion-text-1\"><h2><span style=\"color: #c23265;\">Dolce tradizione con una fragranza delicata: le mezzelune alla vaniglia di Neustift nella Valle dello Stubai<\/span><\/h2>\n<h3><span style=\"color: #a69487;\">Idea di ricetta per le mezzelune tirolesi alla vaniglia<\/span><\/h3>\n<p>Quando fuori nevica dolcemente e l&#8217;inverno dello Stubai ricopre le montagne di bianco, qui al Berg Genuss Hotel Augarten inizia il periodo pi\u00f9 delizioso dell&#8217;anno. C&#8217;\u00e8 profumo di cannella, rami di abete e, naturalmente, di mezzelune alla vaniglia appena sfornate. Per molti sono pi\u00f9 di semplici biscotti. Sono un ricordo d&#8217;infanzia e la magia del Natale. Ma da dove provengono queste deliziose mezzelune?    <\/p>\n<h3><span style=\"color: #c23265;\">Un croissant leggendario con una storia<\/span><\/h3>\n<p>L&#8217;origine delle mezzelune alla vaniglia risale al 1683, almeno secondo un&#8217;affascinante leggenda. Si dice che a Vienna un panettiere abbia modellato delle piccole mezzelune di pasta dolce per celebrare la vittoria sui turchi, in omaggio al simbolo presente sulle bandiere turche durante l&#8217;assedio alla citt\u00e0. Che sia vero o meno, la mezzaluna alla vaniglia ha un posto fisso nella tradizione dolciaria austriaca durante ogni periodo dell&#8217;Avvento, non solo a Vienna, ma anche qui nella Valle dello Stubai.  <\/p>\n<h3><span style=\"color: #c23265;\">Vaniglia: l&#8217;anima nobile dei biscotti<\/span><\/h3>\n<p>Cosa sarebbero le mezzelune alla vaniglia senza il loro sapore delicato e aromatico? La vaniglia, affettuosamente chiamata &#8220;regina delle spezie&#8221;, conferisce alle friabili mezzelune il loro aroma e sapore inconfondibile. \u00c8 originaria del Messico, dove veniva onorata dagli Aztechi come un fiore prezioso. Oggi \u00e8 un ingrediente indispensabile in qualsiasi pasticceria natalizia, compresa la cucina del nostro Berg Genuss Hotel di Neustift.   <\/p>\n<h3><span style=\"color: #c23265;\">La nostra ricetta per la tua pasticceria natalizia<\/span><\/h3>\n<p>Se hai voglia di cucinare a casa, abbiamo una ricetta deliziosa per te. Il sapore delle mandorle tostate conferisce una profondit\u00e0 di nocciola, mentre la vera vaniglia d\u00e0 all&#8217;impasto un&#8217;anima natalizia. <\/p>\n<h3><span style=\"color: #a69487;\">Ingredienti per circa 60 croissant:<\/span><\/h3>\n<p>300 g di farina di grano tenero<br \/>\n100 g di mandorle macinate<br \/>\n120 g di zucchero a velo<br \/>\n1 baccello di vaniglia<br \/>\n1 pizzico di sale<br \/>\n225 g di burro freddo<br \/>\n3 tuorli d&#8217;uovo<\/p>\n<p>Per la finitura:<br \/>\n120 g di zucchero a velo<br \/>\n1 bustina di zucchero vanigliato bourbon<\/p>\n<h3><span style=\"color: #a69487;\">Ecco come funziona:<\/span><\/h3>\n<p>Mescola la farina, le mandorle, lo zucchero e la polpa di vaniglia, aggiungi il burro e il tuorlo d&#8217;uovo e impasta velocemente il tutto fino a ottenere un impasto omogeneo. Avvolgi in una pellicola trasparente e fai raffreddare per 1 ora. <\/p>\n<p>Preriscalda il forno a 180 \u00b0C a calore superiore\/inferiore.<\/p>\n<p>Forma l&#8217;impasto in pezzi grandi come una noce, arrotolalo in piccoli croissant e mettilo su una teglia da forno.<\/p>\n<p>Inforna per circa 8 minuti: i croissant devono rimanere di colore chiaro.<\/p>\n<p>Mentre \u00e8 ancora caldo, rotola con cura nella miscela di zucchero a velo e zucchero vanigliato e lascia raffreddare su una griglia.<\/p>\n<p>Il nostro consiglio: se prima tosti leggermente le noci, otterrai un sapore ancora pi\u00f9 intenso, perfetto per tutti i buongustai.<\/p>\n<h3><span style=\"color: #c23265;\">Un pezzo di Natale dall&#8217;Hotel Augarten di Neustift<\/span><\/h3>\n<p>Che tu le assapori davanti al camino con una tazza di t\u00e8 o le porti ai tuoi cari, queste mezzelune alla vaniglia simboleggiano sempre un po&#8217; di sicurezza. E forse il sapore ti ricorder\u00e0 anche un po&#8217; la tua ultima vacanza invernale nel nostro hotel a Neustift, nella Valle dello Stubai. <\/p>\n<h2><span style=\"color: #c23265;\">&#8220;Ci auguriamo che ti piaccia cucinare e ti mandiamo calorosi auguri di Natale da Neustift, nella Valle dello Stubai&#8221;.<\/span><\/h2>\n<p>Per altre idee di ricette, visita la nostra rivista Augarten:<br \/>\n<a href=\"https:\/\/www.augarten.net\/it\/blog-augarten\/\" target=\"_blank\" rel=\"noopener\">QUI<\/a><\/p>\n<h3><span style=\"color: #c23265;\">Cordiali saluti dalla Valle dello Stubai<br \/>\nHelga &amp; Stefan<br \/>\ndel Berg Genuss Hotel Neustift nella Valle dello Stubai<\/span><\/h3>\n<p><em>Fonte:<\/em><\/p>\n<p>Dalla nostra cucina<\/p>\n<p><a href=\"https:\/\/de.wikipedia.org\/wiki\/Vanillekipferl\" target=\"_blank\" rel=\"noopener\">https:\/\/de.wikipedia.org\/wiki\/Vanillekipferl<\/a><\/p>\n<\/div><\/div><\/div><\/div><\/div><div class=\"fusion-fullwidth fullwidth-box fusion-builder-row-2 fusion-flex-container has-pattern-background has-mask-background nonhundred-percent-fullwidth non-hundred-percent-height-scrolling\" style=\"--awb-border-radius-top-left:0px;--awb-border-radius-top-right:0px;--awb-border-radius-bottom-right:0px;--awb-border-radius-bottom-left:0px;--awb-padding-bottom:4%;--awb-margin-bottom:40px;--awb-margin-top-small:60px;--awb-flex-wrap:wrap;\" ><div class=\"fusion-builder-row fusion-row fusion-flex-align-items-flex-start fusion-flex-content-wrap\" style=\"max-width:calc( 1375px + 20px );margin-left: calc(-20px \/ 2 );margin-right: calc(-20px \/ 2 );\"><div class=\"fusion-layout-column fusion_builder_column fusion-builder-column-1 fusion_builder_column_1_1 1_1 fusion-flex-column\" style=\"--awb-bg-size:cover;--awb-width-large:100%;--awb-margin-top-large:0px;--awb-spacing-right-large:10px;--awb-margin-bottom-large:4%;--awb-spacing-left-large:10px;--awb-width-medium:100%;--awb-order-medium:0;--awb-spacing-right-medium:10px;--awb-spacing-left-medium:10px;--awb-width-small:100%;--awb-order-small:0;--awb-spacing-right-small:10px;--awb-spacing-left-small:10px;\" data-scroll-devices=\"small-visibility,medium-visibility,large-visibility\"><div class=\"fusion-column-wrapper fusion-column-has-shadow fusion-flex-justify-content-flex-start fusion-content-layout-column\"><div class=\"fusion-title title fusion-title-1 fusion-sep-none fusion-title-center fusion-title-text fusion-title-size-div\" style=\"--awb-margin-bottom:2%;--awb-margin-top-small:0px;--awb-margin-right-small:0px;--awb-margin-bottom-small:20px;--awb-margin-left-small:0px;--awb-font-size:50px;\"><div class=\"fusion-title-heading title-heading-center title-heading-tag fusion-responsive-typography-calculated\" style=\"font-family:&quot;Gautreaux Med&quot;;font-style:normal;font-weight:400;margin:0;font-size:1em;--fontSize:50;line-height:1.5;\"><span style=\"color: #c23265;\">Montagna.piacere.offerte<\/span><\/div><\/div><\/div><\/div><div class=\"fusion-layout-column fusion_builder_column fusion-builder-column-2 fusion_builder_column_1_1 1_1 fusion-flex-column\" style=\"--awb-bg-size:cover;--awb-width-large:100%;--awb-margin-top-large:6px;--awb-spacing-right-large:10px;--awb-margin-bottom-large:0px;--awb-spacing-left-large:10px;--awb-width-medium:100%;--awb-order-medium:0;--awb-spacing-right-medium:10px;--awb-spacing-left-medium:10px;--awb-width-small:100%;--awb-order-small:0;--awb-spacing-right-small:10px;--awb-spacing-left-small:10px;\" data-scroll-devices=\"small-visibility,medium-visibility,large-visibility\"><div class=\"fusion-column-wrapper fusion-column-has-shadow fusion-flex-justify-content-flex-start fusion-content-layout-block\"><hapi-package-swiper category=\"WINTER\"><\/hapi-package-swiper><div class=\"fusion-separator fusion-no-large-visibility\" style=\"align-self: center;margin-left: auto;margin-right: auto;margin-top:5%;width:100%;max-width:70px;\"><\/div><\/div><\/div><\/div><\/div><\/p>\n","protected":false},"excerpt":{"rendered":"","protected":false},"author":1,"featured_media":14401,"comment_status":"open","ping_status":"open","sticky":false,"template":"","format":"standard","meta":{"footnotes":""},"categories":[108],"tags":[],"class_list":["post-14394","post","type-post","status-publish","format-standard","has-post-thumbnail","hentry","category-ricette"],"yoast_head":"<!-- This site is optimized with the Yoast SEO plugin v27.4 - https:\/\/yoast.com\/product\/yoast-seo-wordpress\/ -->\n<title>Ricetta delle mezzelune alla vaniglia dell&#039;Hotel Neustift nella Valle dello Stubai in Tirolo<\/title>\n<meta name=\"description\" content=\"Noi del Berg Genuss Hotel Neustift nella Valle dello Stubai - Tirolo ti portiamo nel mondo delle mezzelune alla vaniglia con questa deliziosa idea di ricetta.\" \/>\n<meta name=\"robots\" content=\"index, follow, max-snippet:-1, max-image-preview:large, max-video-preview:-1\" \/>\n<link rel=\"canonical\" href=\"https:\/\/www.augarten.net\/it\/vanillekipferln-ricetta-top-per-natale-da-hotel-neustift\/\" \/>\n<meta property=\"og:locale\" content=\"it_IT\" \/>\n<meta property=\"og:type\" content=\"article\" \/>\n<meta property=\"og:title\" content=\"Ricetta delle mezzelune alla vaniglia dell&#039;Hotel Neustift nella Valle dello Stubai in Tirolo\" \/>\n<meta property=\"og:description\" content=\"Noi del Berg Genuss Hotel Neustift nella Valle dello Stubai - Tirolo ti portiamo nel mondo delle mezzelune alla vaniglia con questa deliziosa idea di ricetta.\" \/>\n<meta property=\"og:url\" content=\"https:\/\/www.augarten.net\/it\/vanillekipferln-ricetta-top-per-natale-da-hotel-neustift\/\" \/>\n<meta property=\"og:site_name\" content=\"Hotel Augarten in Neustift im Stubaital\" \/>\n<meta property=\"article:publisher\" content=\"https:\/\/www.facebook.com\/augarten\" \/>\n<meta property=\"article:published_time\" content=\"2025-12-09T13:07:07+00:00\" \/>\n<meta property=\"article:modified_time\" content=\"2025-12-09T13:15:47+00:00\" \/>\n<meta property=\"og:image\" content=\"https:\/\/www.augarten.net\/wp-content\/uploads\/2025\/12\/2025_12_Vanillekipferln.jpg\" \/>\n\t<meta property=\"og:image:width\" content=\"1990\" \/>\n\t<meta property=\"og:image:height\" content=\"1119\" \/>\n\t<meta property=\"og:image:type\" content=\"image\/jpeg\" \/>\n<meta name=\"author\" content=\"eTouristikAdmin\" \/>\n<meta name=\"twitter:card\" content=\"summary_large_image\" \/>\n<meta name=\"twitter:label1\" content=\"Scritto da\" \/>\n\t<meta name=\"twitter:data1\" content=\"eTouristikAdmin\" \/>\n\t<meta name=\"twitter:label2\" content=\"Tempo di lettura stimato\" \/>\n\t<meta name=\"twitter:data2\" content=\"14 minuti\" \/>\n<script type=\"application\/ld+json\" class=\"yoast-schema-graph\">{\"@context\":\"https:\\\/\\\/schema.org\",\"@graph\":[{\"@type\":\"Article\",\"@id\":\"https:\\\/\\\/www.augarten.net\\\/it\\\/vanillekipferln-ricetta-top-per-natale-da-hotel-neustift\\\/#article\",\"isPartOf\":{\"@id\":\"https:\\\/\\\/www.augarten.net\\\/it\\\/vanillekipferln-ricetta-top-per-natale-da-hotel-neustift\\\/\"},\"author\":{\"name\":\"eTouristikAdmin\",\"@id\":\"https:\\\/\\\/www.augarten.net\\\/it\\\/#\\\/schema\\\/person\\\/d1437911af18e9ca2460e1f1b8925e61\"},\"headline\":\"Vanillekipferln &#8211; Ricetta top per Natale . da Hotel Neustift\",\"datePublished\":\"2025-12-09T13:07:07+00:00\",\"dateModified\":\"2025-12-09T13:15:47+00:00\",\"mainEntityOfPage\":{\"@id\":\"https:\\\/\\\/www.augarten.net\\\/it\\\/vanillekipferln-ricetta-top-per-natale-da-hotel-neustift\\\/\"},\"wordCount\":2809,\"commentCount\":0,\"publisher\":{\"@id\":\"https:\\\/\\\/www.augarten.net\\\/it\\\/#organization\"},\"image\":{\"@id\":\"https:\\\/\\\/www.augarten.net\\\/it\\\/vanillekipferln-ricetta-top-per-natale-da-hotel-neustift\\\/#primaryimage\"},\"thumbnailUrl\":\"https:\\\/\\\/www.augarten.net\\\/wp-content\\\/uploads\\\/2025\\\/12\\\/2025_12_Vanillekipferln.jpg\",\"articleSection\":[\"Ricette\"],\"inLanguage\":\"it-IT\",\"potentialAction\":[{\"@type\":\"CommentAction\",\"name\":\"Comment\",\"target\":[\"https:\\\/\\\/www.augarten.net\\\/it\\\/vanillekipferln-ricetta-top-per-natale-da-hotel-neustift\\\/#respond\"]}]},{\"@type\":\"WebPage\",\"@id\":\"https:\\\/\\\/www.augarten.net\\\/it\\\/vanillekipferln-ricetta-top-per-natale-da-hotel-neustift\\\/\",\"url\":\"https:\\\/\\\/www.augarten.net\\\/it\\\/vanillekipferln-ricetta-top-per-natale-da-hotel-neustift\\\/\",\"name\":\"Ricetta delle mezzelune alla vaniglia dell'Hotel Neustift nella Valle dello Stubai in Tirolo\",\"isPartOf\":{\"@id\":\"https:\\\/\\\/www.augarten.net\\\/it\\\/#website\"},\"primaryImageOfPage\":{\"@id\":\"https:\\\/\\\/www.augarten.net\\\/it\\\/vanillekipferln-ricetta-top-per-natale-da-hotel-neustift\\\/#primaryimage\"},\"image\":{\"@id\":\"https:\\\/\\\/www.augarten.net\\\/it\\\/vanillekipferln-ricetta-top-per-natale-da-hotel-neustift\\\/#primaryimage\"},\"thumbnailUrl\":\"https:\\\/\\\/www.augarten.net\\\/wp-content\\\/uploads\\\/2025\\\/12\\\/2025_12_Vanillekipferln.jpg\",\"datePublished\":\"2025-12-09T13:07:07+00:00\",\"dateModified\":\"2025-12-09T13:15:47+00:00\",\"description\":\"Noi del Berg Genuss Hotel Neustift nella Valle dello Stubai - Tirolo ti portiamo nel mondo delle mezzelune alla vaniglia con questa deliziosa idea di ricetta.\",\"breadcrumb\":{\"@id\":\"https:\\\/\\\/www.augarten.net\\\/it\\\/vanillekipferln-ricetta-top-per-natale-da-hotel-neustift\\\/#breadcrumb\"},\"inLanguage\":\"it-IT\",\"potentialAction\":[{\"@type\":\"ReadAction\",\"target\":[\"https:\\\/\\\/www.augarten.net\\\/it\\\/vanillekipferln-ricetta-top-per-natale-da-hotel-neustift\\\/\"]}]},{\"@type\":\"ImageObject\",\"inLanguage\":\"it-IT\",\"@id\":\"https:\\\/\\\/www.augarten.net\\\/it\\\/vanillekipferln-ricetta-top-per-natale-da-hotel-neustift\\\/#primaryimage\",\"url\":\"https:\\\/\\\/www.augarten.net\\\/wp-content\\\/uploads\\\/2025\\\/12\\\/2025_12_Vanillekipferln.jpg\",\"contentUrl\":\"https:\\\/\\\/www.augarten.net\\\/wp-content\\\/uploads\\\/2025\\\/12\\\/2025_12_Vanillekipferln.jpg\",\"width\":1990,\"height\":1119,\"caption\":\"Rezept Idee Vanillekipferln f\u00fcr Weihnachten vom Berg Genuss Hotel Neustift im Stubaital in Tirol\"},{\"@type\":\"BreadcrumbList\",\"@id\":\"https:\\\/\\\/www.augarten.net\\\/it\\\/vanillekipferln-ricetta-top-per-natale-da-hotel-neustift\\\/#breadcrumb\",\"itemListElement\":[{\"@type\":\"ListItem\",\"position\":1,\"name\":\"Home\",\"item\":\"https:\\\/\\\/www.augarten.net\\\/it\\\/\"},{\"@type\":\"ListItem\",\"position\":2,\"name\":\"Vanillekipferln &#8211; Ricetta top per Natale . da Hotel Neustift\"}]},{\"@type\":\"WebSite\",\"@id\":\"https:\\\/\\\/www.augarten.net\\\/it\\\/#website\",\"url\":\"https:\\\/\\\/www.augarten.net\\\/it\\\/\",\"name\":\"Hotel Augarten in Neustift im Stubaital\",\"description\":\"Ihr Hotel in Tirol f\u00fcr den aktiven Urlaub\",\"publisher\":{\"@id\":\"https:\\\/\\\/www.augarten.net\\\/it\\\/#organization\"},\"potentialAction\":[{\"@type\":\"SearchAction\",\"target\":{\"@type\":\"EntryPoint\",\"urlTemplate\":\"https:\\\/\\\/www.augarten.net\\\/it\\\/?s={search_term_string}\"},\"query-input\":{\"@type\":\"PropertyValueSpecification\",\"valueRequired\":true,\"valueName\":\"search_term_string\"}}],\"inLanguage\":\"it-IT\"},{\"@type\":\"Organization\",\"@id\":\"https:\\\/\\\/www.augarten.net\\\/it\\\/#organization\",\"name\":\"Hotel Augarten GmbH\",\"url\":\"https:\\\/\\\/www.augarten.net\\\/it\\\/\",\"logo\":{\"@type\":\"ImageObject\",\"inLanguage\":\"it-IT\",\"@id\":\"https:\\\/\\\/www.augarten.net\\\/it\\\/#\\\/schema\\\/logo\\\/image\\\/\",\"url\":\"https:\\\/\\\/www.augarten.net\\\/wp-content\\\/uploads\\\/2021\\\/04\\\/logo-quadratisch.jpg\",\"contentUrl\":\"https:\\\/\\\/www.augarten.net\\\/wp-content\\\/uploads\\\/2021\\\/04\\\/logo-quadratisch.jpg\",\"width\":559,\"height\":424,\"caption\":\"Hotel Augarten GmbH\"},\"image\":{\"@id\":\"https:\\\/\\\/www.augarten.net\\\/it\\\/#\\\/schema\\\/logo\\\/image\\\/\"},\"sameAs\":[\"https:\\\/\\\/www.facebook.com\\\/augarten\"]},{\"@type\":\"Person\",\"@id\":\"https:\\\/\\\/www.augarten.net\\\/it\\\/#\\\/schema\\\/person\\\/d1437911af18e9ca2460e1f1b8925e61\",\"name\":\"eTouristikAdmin\",\"image\":{\"@type\":\"ImageObject\",\"inLanguage\":\"it-IT\",\"@id\":\"https:\\\/\\\/secure.gravatar.com\\\/avatar\\\/7d9cd2e4973919a266cc4e47ca2cbbbcd97e994a3fd3112acdf88f57417edf71?s=96&d=mm&r=g\",\"url\":\"https:\\\/\\\/secure.gravatar.com\\\/avatar\\\/7d9cd2e4973919a266cc4e47ca2cbbbcd97e994a3fd3112acdf88f57417edf71?s=96&d=mm&r=g\",\"contentUrl\":\"https:\\\/\\\/secure.gravatar.com\\\/avatar\\\/7d9cd2e4973919a266cc4e47ca2cbbbcd97e994a3fd3112acdf88f57417edf71?s=96&d=mm&r=g\",\"caption\":\"eTouristikAdmin\"},\"description\":\"Michael ist Inhaber der Werbeagentur eTouristik und seit bald 20 Jahren f\u00fcr die Ferienhotellerie im Marketing t\u00e4tig.\",\"sameAs\":[\"https:\\\/\\\/augarten.net\"],\"url\":\"https:\\\/\\\/www.augarten.net\\\/it\\\/author\\\/f6l3oono8w\\\/\"}]}<\/script>\n<!-- \/ Yoast SEO plugin. -->","yoast_head_json":{"title":"Ricetta delle mezzelune alla vaniglia dell'Hotel Neustift nella Valle dello Stubai in Tirolo","description":"Noi del Berg Genuss Hotel Neustift nella Valle dello Stubai - Tirolo ti portiamo nel mondo delle mezzelune alla vaniglia con questa deliziosa idea di ricetta.","robots":{"index":"index","follow":"follow","max-snippet":"max-snippet:-1","max-image-preview":"max-image-preview:large","max-video-preview":"max-video-preview:-1"},"canonical":"https:\/\/www.augarten.net\/it\/vanillekipferln-ricetta-top-per-natale-da-hotel-neustift\/","og_locale":"it_IT","og_type":"article","og_title":"Ricetta delle mezzelune alla vaniglia dell'Hotel Neustift nella Valle dello Stubai in Tirolo","og_description":"Noi del Berg Genuss Hotel Neustift nella Valle dello Stubai - Tirolo ti portiamo nel mondo delle mezzelune alla vaniglia con questa deliziosa idea di ricetta.","og_url":"https:\/\/www.augarten.net\/it\/vanillekipferln-ricetta-top-per-natale-da-hotel-neustift\/","og_site_name":"Hotel Augarten in Neustift im Stubaital","article_publisher":"https:\/\/www.facebook.com\/augarten","article_published_time":"2025-12-09T13:07:07+00:00","article_modified_time":"2025-12-09T13:15:47+00:00","og_image":[{"width":1990,"height":1119,"url":"https:\/\/www.augarten.net\/wp-content\/uploads\/2025\/12\/2025_12_Vanillekipferln.jpg","type":"image\/jpeg"}],"author":"eTouristikAdmin","twitter_card":"summary_large_image","twitter_misc":{"Scritto da":"eTouristikAdmin","Tempo di lettura stimato":"14 minuti"},"schema":{"@context":"https:\/\/schema.org","@graph":[{"@type":"Article","@id":"https:\/\/www.augarten.net\/it\/vanillekipferln-ricetta-top-per-natale-da-hotel-neustift\/#article","isPartOf":{"@id":"https:\/\/www.augarten.net\/it\/vanillekipferln-ricetta-top-per-natale-da-hotel-neustift\/"},"author":{"name":"eTouristikAdmin","@id":"https:\/\/www.augarten.net\/it\/#\/schema\/person\/d1437911af18e9ca2460e1f1b8925e61"},"headline":"Vanillekipferln &#8211; Ricetta top per Natale . da Hotel Neustift","datePublished":"2025-12-09T13:07:07+00:00","dateModified":"2025-12-09T13:15:47+00:00","mainEntityOfPage":{"@id":"https:\/\/www.augarten.net\/it\/vanillekipferln-ricetta-top-per-natale-da-hotel-neustift\/"},"wordCount":2809,"commentCount":0,"publisher":{"@id":"https:\/\/www.augarten.net\/it\/#organization"},"image":{"@id":"https:\/\/www.augarten.net\/it\/vanillekipferln-ricetta-top-per-natale-da-hotel-neustift\/#primaryimage"},"thumbnailUrl":"https:\/\/www.augarten.net\/wp-content\/uploads\/2025\/12\/2025_12_Vanillekipferln.jpg","articleSection":["Ricette"],"inLanguage":"it-IT","potentialAction":[{"@type":"CommentAction","name":"Comment","target":["https:\/\/www.augarten.net\/it\/vanillekipferln-ricetta-top-per-natale-da-hotel-neustift\/#respond"]}]},{"@type":"WebPage","@id":"https:\/\/www.augarten.net\/it\/vanillekipferln-ricetta-top-per-natale-da-hotel-neustift\/","url":"https:\/\/www.augarten.net\/it\/vanillekipferln-ricetta-top-per-natale-da-hotel-neustift\/","name":"Ricetta delle mezzelune alla vaniglia dell'Hotel Neustift nella Valle dello Stubai in Tirolo","isPartOf":{"@id":"https:\/\/www.augarten.net\/it\/#website"},"primaryImageOfPage":{"@id":"https:\/\/www.augarten.net\/it\/vanillekipferln-ricetta-top-per-natale-da-hotel-neustift\/#primaryimage"},"image":{"@id":"https:\/\/www.augarten.net\/it\/vanillekipferln-ricetta-top-per-natale-da-hotel-neustift\/#primaryimage"},"thumbnailUrl":"https:\/\/www.augarten.net\/wp-content\/uploads\/2025\/12\/2025_12_Vanillekipferln.jpg","datePublished":"2025-12-09T13:07:07+00:00","dateModified":"2025-12-09T13:15:47+00:00","description":"Noi del Berg Genuss Hotel Neustift nella Valle dello Stubai - Tirolo ti portiamo nel mondo delle mezzelune alla vaniglia con questa deliziosa idea di ricetta.","breadcrumb":{"@id":"https:\/\/www.augarten.net\/it\/vanillekipferln-ricetta-top-per-natale-da-hotel-neustift\/#breadcrumb"},"inLanguage":"it-IT","potentialAction":[{"@type":"ReadAction","target":["https:\/\/www.augarten.net\/it\/vanillekipferln-ricetta-top-per-natale-da-hotel-neustift\/"]}]},{"@type":"ImageObject","inLanguage":"it-IT","@id":"https:\/\/www.augarten.net\/it\/vanillekipferln-ricetta-top-per-natale-da-hotel-neustift\/#primaryimage","url":"https:\/\/www.augarten.net\/wp-content\/uploads\/2025\/12\/2025_12_Vanillekipferln.jpg","contentUrl":"https:\/\/www.augarten.net\/wp-content\/uploads\/2025\/12\/2025_12_Vanillekipferln.jpg","width":1990,"height":1119,"caption":"Rezept Idee Vanillekipferln f\u00fcr Weihnachten vom Berg Genuss Hotel Neustift im Stubaital in Tirol"},{"@type":"BreadcrumbList","@id":"https:\/\/www.augarten.net\/it\/vanillekipferln-ricetta-top-per-natale-da-hotel-neustift\/#breadcrumb","itemListElement":[{"@type":"ListItem","position":1,"name":"Home","item":"https:\/\/www.augarten.net\/it\/"},{"@type":"ListItem","position":2,"name":"Vanillekipferln &#8211; Ricetta top per Natale . da Hotel Neustift"}]},{"@type":"WebSite","@id":"https:\/\/www.augarten.net\/it\/#website","url":"https:\/\/www.augarten.net\/it\/","name":"Hotel Augarten in Neustift im Stubaital","description":"Ihr Hotel in Tirol f\u00fcr den aktiven Urlaub","publisher":{"@id":"https:\/\/www.augarten.net\/it\/#organization"},"potentialAction":[{"@type":"SearchAction","target":{"@type":"EntryPoint","urlTemplate":"https:\/\/www.augarten.net\/it\/?s={search_term_string}"},"query-input":{"@type":"PropertyValueSpecification","valueRequired":true,"valueName":"search_term_string"}}],"inLanguage":"it-IT"},{"@type":"Organization","@id":"https:\/\/www.augarten.net\/it\/#organization","name":"Hotel Augarten GmbH","url":"https:\/\/www.augarten.net\/it\/","logo":{"@type":"ImageObject","inLanguage":"it-IT","@id":"https:\/\/www.augarten.net\/it\/#\/schema\/logo\/image\/","url":"https:\/\/www.augarten.net\/wp-content\/uploads\/2021\/04\/logo-quadratisch.jpg","contentUrl":"https:\/\/www.augarten.net\/wp-content\/uploads\/2021\/04\/logo-quadratisch.jpg","width":559,"height":424,"caption":"Hotel Augarten GmbH"},"image":{"@id":"https:\/\/www.augarten.net\/it\/#\/schema\/logo\/image\/"},"sameAs":["https:\/\/www.facebook.com\/augarten"]},{"@type":"Person","@id":"https:\/\/www.augarten.net\/it\/#\/schema\/person\/d1437911af18e9ca2460e1f1b8925e61","name":"eTouristikAdmin","image":{"@type":"ImageObject","inLanguage":"it-IT","@id":"https:\/\/secure.gravatar.com\/avatar\/7d9cd2e4973919a266cc4e47ca2cbbbcd97e994a3fd3112acdf88f57417edf71?s=96&d=mm&r=g","url":"https:\/\/secure.gravatar.com\/avatar\/7d9cd2e4973919a266cc4e47ca2cbbbcd97e994a3fd3112acdf88f57417edf71?s=96&d=mm&r=g","contentUrl":"https:\/\/secure.gravatar.com\/avatar\/7d9cd2e4973919a266cc4e47ca2cbbbcd97e994a3fd3112acdf88f57417edf71?s=96&d=mm&r=g","caption":"eTouristikAdmin"},"description":"Michael ist Inhaber der Werbeagentur eTouristik und seit bald 20 Jahren f\u00fcr die Ferienhotellerie im Marketing t\u00e4tig.","sameAs":["https:\/\/augarten.net"],"url":"https:\/\/www.augarten.net\/it\/author\/f6l3oono8w\/"}]}},"_links":{"self":[{"href":"https:\/\/www.augarten.net\/it\/wp-json\/wp\/v2\/posts\/14394","targetHints":{"allow":["GET"]}}],"collection":[{"href":"https:\/\/www.augarten.net\/it\/wp-json\/wp\/v2\/posts"}],"about":[{"href":"https:\/\/www.augarten.net\/it\/wp-json\/wp\/v2\/types\/post"}],"author":[{"embeddable":true,"href":"https:\/\/www.augarten.net\/it\/wp-json\/wp\/v2\/users\/1"}],"replies":[{"embeddable":true,"href":"https:\/\/www.augarten.net\/it\/wp-json\/wp\/v2\/comments?post=14394"}],"version-history":[{"count":12,"href":"https:\/\/www.augarten.net\/it\/wp-json\/wp\/v2\/posts\/14394\/revisions"}],"predecessor-version":[{"id":14423,"href":"https:\/\/www.augarten.net\/it\/wp-json\/wp\/v2\/posts\/14394\/revisions\/14423"}],"wp:featuredmedia":[{"embeddable":true,"href":"https:\/\/www.augarten.net\/it\/wp-json\/wp\/v2\/media\/14401"}],"wp:attachment":[{"href":"https:\/\/www.augarten.net\/it\/wp-json\/wp\/v2\/media?parent=14394"}],"wp:term":[{"taxonomy":"category","embeddable":true,"href":"https:\/\/www.augarten.net\/it\/wp-json\/wp\/v2\/categories?post=14394"},{"taxonomy":"post_tag","embeddable":true,"href":"https:\/\/www.augarten.net\/it\/wp-json\/wp\/v2\/tags?post=14394"}],"curies":[{"name":"wp","href":"https:\/\/api.w.org\/{rel}","templated":true}]}}